{"id":15672,"date":"2018-04-03T06:56:49","date_gmt":"2018-04-03T10:56:49","guid":{"rendered":"https:\/\/rapliq.org\/communique-de-presse-walmart-est-il-le-seul-coupable\/"},"modified":"2020-04-13T09:51:25","modified_gmt":"2020-04-13T13:51:25","slug":"press-release-is-walmart-the-only-culprit","status":"publish","type":"post","link":"https:\/\/rapliq.org\/en\/press-release-is-walmart-the-only-culprit\/","title":{"rendered":"Press release &#8211; Is Walmart the only culprit?"},"content":{"rendered":"<h2 style=\"text-align: center;\"><strong>Press Release<\/strong><\/h2>\n<p style=\"text-align: center;\"><strong>In the case of employees with intellectual disabilities<\/strong><br \/>\n<strong>Is Walmart the only culprit?<\/strong><\/p>\n<p>Montreal, Tuesday, April 3, 2018 &#8211; Last Thursday, we learned that the company was laying off a good number of employees in its 26 branches in Quebec. For Trois-Rivi\u00e8res, this represented great sadness for 19 people, some of whom had up to 16 years of seniority.<\/p>\n<p>Quebec was indignant. Public figures have taken a stand and called for a boycott of the big-box giant. Certainly, it didn\u2019t leave anyone indifferent.<\/p>\n<p>Then, several people close to the dismissed workers, notably one of their worker, told us how much they were paid. Attention, sensitive hearts refrain from reading the following:<\/p>\n<p>\u201cTheir monthly income solidarity check + $ 5 per day worked. And in some cases, their bus pass paid &#8230; &#8221;<\/p>\n<p>The following day, at the Premi\u00e8re Cha\u00eene de Radio-Canada, Anne H\u00e9bert, director general of the Office des personnes handicapped du Qu\u00e9bec (OPHQ), was interviewed. Ms. H\u00e9bert deplored this situation, as had also deplored Ms. Lucie Charlebois, Minister responsible for rehabilitation and public health, which by default makes her the minister responsible for people with disabilities.<\/p>\n<p>And what about the Centers for Rehabilitation in Intellectual Disabilities (IDRC), have they taken a stand? We may search on their website, but we can find nothing &#8230;<\/p>\n<p>Same silenceradio on the side of the Human Rights and Youth Rights Commission (CDPDJ). However, it seems to me that this is their responsibility?<\/p>\n<p>When you think about it, you wonder if we&#8217;re the ones who take this too seriously?<\/p>\n<p>Worse yet, we can&#8217;t help but ask the following question:<\/p>\n<p><strong>&#8220;Is Walmart the only culprit?&#8221;<\/strong><\/p>\n<p><strong>\u00a0<\/strong><\/p>\n<p style=\"text-align: center;\">-30-<\/p>\n<h2>For info :<\/h2>\n<table style=\"height: 137px;\" width=\"204\">\n<tbody>\n<tr>\n<th>Linda Gauthier<\/th>\n<\/tr>\n<tr>\n<td>Spokesperson (RAPLIQ)<br \/>\n(514) 656-1664<\/td>\n<\/tr>\n<\/tbody>\n<\/table>\n<h2>About RAPLIQ :<\/h2>\n<p>&#8220;RAPLIQ is an organization dedicated to defending and promoting the rights of people with disabilities and aiming to eradicate the discrimination often made against them. &#8220;<\/p>\n","protected":false},"excerpt":{"rendered":"<p>Press Release In the case of employees with intellectual disabilities Is Walmart the only culprit? Montreal, Tuesday, April 3, 2018 &#8211; Last Thursday, we learned that the company was laying off a good number of employees in its 26 branches...<br \/><a href=\"https:\/\/rapliq.org\/en\/press-release-is-walmart-the-only-culprit\/\" class=\"read-more\">Read more <span class=\"sr-only\">about Press release &#8211; Is Walmart the only culprit?<\/span><\/a><\/p>","protected":false},"author":1,"featured_media":0,"comment_status":"closed","ping_status":"closed","sticky":false,"template":"","format":"standard","meta":{"footnotes":""},"categories":[73],"tags":[],"class_list":["post-15672","post","type-post","status-publish","format-standard","hentry","category-news"],"yoast_head":"<!-- This site is optimized with the Yoast SEO plugin v24.4 - https:\/\/yoast.com\/wordpress\/plugins\/seo\/ -->\n<title>Press release - Is Walmart the only culprit? &#8211; RAPLIQ<\/title>\n<meta name=\"robots\" content=\"index, follow, max-snippet:-1, max-image-preview:large, max-video-preview:-1\" \/>\n<link rel=\"canonical\" href=\"https:\/\/rapliq.org\/communique-de-presse-walmart-est-il-le-seul-coupable\/\" \/>\n<meta property=\"og:locale\" content=\"en_US\" \/>\n<meta property=\"og:type\" content=\"article\" \/>\n<meta property=\"og:title\" content=\"Press release - Is Walmart the only culprit? &#8211; RAPLIQ\" \/>\n<meta property=\"og:description\" content=\"Press Release In the case of employees with intellectual disabilities Is Walmart the only culprit? Montreal, Tuesday, April 3, 2018 &#8211; Last Thursday, we learned that the company was laying off a good number of employees in its 26 branches\" \/>\n<meta property=\"og:url\" content=\"https:\/\/rapliq.org\/communique-de-presse-walmart-est-il-le-seul-coupable\/\" \/>\n<meta property=\"og:site_name\" content=\"RAPLIQ\" \/>\n<meta property=\"article:publisher\" content=\"https:\/\/www.facebook.com\/LeRAPLIQ\/\" \/>\n<meta property=\"article:published_time\" content=\"2018-04-03T10:56:49+00:00\" \/>\n<meta property=\"article:modified_time\" content=\"2020-04-13T13:51:25+00:00\" \/>\n<meta name=\"author\" content=\"ekloweb\" \/>\n<meta name=\"twitter:card\" content=\"summary_large_image\" \/>\n<meta name=\"twitter:creator\" content=\"@rapliq_\" \/>\n<meta name=\"twitter:site\" content=\"@rapliq_\" \/>\n<meta name=\"twitter:label1\" content=\"Written by\" \/>\n\t<meta name=\"twitter:data1\" content=\"ekloweb\" \/>\n\t<meta name=\"twitter:label2\" content=\"Est. reading time\" \/>\n\t<meta name=\"twitter:data2\" content=\"2 minutes\" \/>\n<script type=\"application\/ld+json\" class=\"yoast-schema-graph\">{\"@context\":\"https:\/\/schema.org\",\"@graph\":[{\"@type\":\"Article\",\"@id\":\"https:\/\/rapliq.org\/communique-de-presse-walmart-est-il-le-seul-coupable\/#article\",\"isPartOf\":{\"@id\":\"https:\/\/rapliq.org\/communique-de-presse-walmart-est-il-le-seul-coupable\/\"},\"author\":{\"name\":\"ekloweb\",\"@id\":\"https:\/\/rapliq.org\/#\/schema\/person\/b4989ccd88862605bf23d9ac3db591a9\"},\"headline\":\"Press release &#8211; Is Walmart the only culprit?\",\"datePublished\":\"2018-04-03T10:56:49+00:00\",\"dateModified\":\"2020-04-13T13:51:25+00:00\",\"mainEntityOfPage\":{\"@id\":\"https:\/\/rapliq.org\/communique-de-presse-walmart-est-il-le-seul-coupable\/\"},\"wordCount\":312,\"publisher\":{\"@id\":\"https:\/\/rapliq.org\/#organization\"},\"articleSection\":[\"News\"],\"inLanguage\":\"en-US\"},{\"@type\":\"WebPage\",\"@id\":\"https:\/\/rapliq.org\/communique-de-presse-walmart-est-il-le-seul-coupable\/\",\"url\":\"https:\/\/rapliq.org\/communique-de-presse-walmart-est-il-le-seul-coupable\/\",\"name\":\"Press release - Is Walmart the only culprit? &#8211; RAPLIQ\",\"isPartOf\":{\"@id\":\"https:\/\/rapliq.org\/#website\"},\"datePublished\":\"2018-04-03T10:56:49+00:00\",\"dateModified\":\"2020-04-13T13:51:25+00:00\",\"breadcrumb\":{\"@id\":\"https:\/\/rapliq.org\/communique-de-presse-walmart-est-il-le-seul-coupable\/#breadcrumb\"},\"inLanguage\":\"en-US\",\"potentialAction\":[{\"@type\":\"ReadAction\",\"target\":[\"https:\/\/rapliq.org\/communique-de-presse-walmart-est-il-le-seul-coupable\/\"]}]},{\"@type\":\"BreadcrumbList\",\"@id\":\"https:\/\/rapliq.org\/communique-de-presse-walmart-est-il-le-seul-coupable\/#breadcrumb\",\"itemListElement\":[{\"@type\":\"ListItem\",\"position\":1,\"name\":\"Accueil\",\"item\":\"https:\/\/rapliq.org\/en\/\"},{\"@type\":\"ListItem\",\"position\":2,\"name\":\"Press release &#8211; Is Walmart the only culprit?\"}]},{\"@type\":\"WebSite\",\"@id\":\"https:\/\/rapliq.org\/#website\",\"url\":\"https:\/\/rapliq.org\/\",\"name\":\"RAPLIQ\",\"description\":\"D\u00e9fense et revendication des droits des personnes en situation de handicap\",\"publisher\":{\"@id\":\"https:\/\/rapliq.org\/#organization\"},\"potentialAction\":[{\"@type\":\"SearchAction\",\"target\":{\"@type\":\"EntryPoint\",\"urlTemplate\":\"https:\/\/rapliq.org\/?s={search_term_string}\"},\"query-input\":{\"@type\":\"PropertyValueSpecification\",\"valueRequired\":true,\"valueName\":\"search_term_string\"}}],\"inLanguage\":\"en-US\"},{\"@type\":\"Organization\",\"@id\":\"https:\/\/rapliq.org\/#organization\",\"name\":\"Regroupement des activistes pour l\u2019inclusion au Qu\u00e9bec (RAPLIQ)\",\"url\":\"https:\/\/rapliq.org\/\",\"logo\":{\"@type\":\"ImageObject\",\"inLanguage\":\"en-US\",\"@id\":\"https:\/\/rapliq.org\/#\/schema\/logo\/image\/\",\"url\":\"https:\/\/rapliq.org\/wp-content\/uploads\/2020\/05\/logo.png\",\"contentUrl\":\"https:\/\/rapliq.org\/wp-content\/uploads\/2020\/05\/logo.png\",\"width\":450,\"height\":131,\"caption\":\"Regroupement des activistes pour l\u2019inclusion au Qu\u00e9bec (RAPLIQ)\"},\"image\":{\"@id\":\"https:\/\/rapliq.org\/#\/schema\/logo\/image\/\"},\"sameAs\":[\"https:\/\/www.facebook.com\/LeRAPLIQ\/\",\"https:\/\/x.com\/rapliq_\"]},{\"@type\":\"Person\",\"@id\":\"https:\/\/rapliq.org\/#\/schema\/person\/b4989ccd88862605bf23d9ac3db591a9\",\"name\":\"ekloweb\",\"image\":{\"@type\":\"ImageObject\",\"inLanguage\":\"en-US\",\"@id\":\"https:\/\/rapliq.org\/#\/schema\/person\/image\/\",\"url\":\"https:\/\/secure.gravatar.com\/avatar\/d5b5e24a4f9da273727cf9ab5996f7db?s=96&d=mm&r=g\",\"contentUrl\":\"https:\/\/secure.gravatar.com\/avatar\/d5b5e24a4f9da273727cf9ab5996f7db?s=96&d=mm&r=g\",\"caption\":\"ekloweb\"}}]}<\/script>\n<!-- \/ Yoast SEO plugin. -->","yoast_head_json":{"title":"Press release - Is Walmart the only culprit? &#8211; RAPLIQ","robots":{"index":"index","follow":"follow","max-snippet":"max-snippet:-1","max-image-preview":"max-image-preview:large","max-video-preview":"max-video-preview:-1"},"canonical":"https:\/\/rapliq.org\/communique-de-presse-walmart-est-il-le-seul-coupable\/","og_locale":"en_US","og_type":"article","og_title":"Press release - Is Walmart the only culprit? &#8211; RAPLIQ","og_description":"Press Release In the case of employees with intellectual disabilities Is Walmart the only culprit? Montreal, Tuesday, April 3, 2018 &#8211; Last Thursday, we learned that the company was laying off a good number of employees in its 26 branches","og_url":"https:\/\/rapliq.org\/communique-de-presse-walmart-est-il-le-seul-coupable\/","og_site_name":"RAPLIQ","article_publisher":"https:\/\/www.facebook.com\/LeRAPLIQ\/","article_published_time":"2018-04-03T10:56:49+00:00","article_modified_time":"2020-04-13T13:51:25+00:00","author":"ekloweb","twitter_card":"summary_large_image","twitter_creator":"@rapliq_","twitter_site":"@rapliq_","twitter_misc":{"Written by":"ekloweb","Est. reading time":"2 minutes"},"schema":{"@context":"https:\/\/schema.org","@graph":[{"@type":"Article","@id":"https:\/\/rapliq.org\/communique-de-presse-walmart-est-il-le-seul-coupable\/#article","isPartOf":{"@id":"https:\/\/rapliq.org\/communique-de-presse-walmart-est-il-le-seul-coupable\/"},"author":{"name":"ekloweb","@id":"https:\/\/rapliq.org\/#\/schema\/person\/b4989ccd88862605bf23d9ac3db591a9"},"headline":"Press release &#8211; Is Walmart the only culprit?","datePublished":"2018-04-03T10:56:49+00:00","dateModified":"2020-04-13T13:51:25+00:00","mainEntityOfPage":{"@id":"https:\/\/rapliq.org\/communique-de-presse-walmart-est-il-le-seul-coupable\/"},"wordCount":312,"publisher":{"@id":"https:\/\/rapliq.org\/#organization"},"articleSection":["News"],"inLanguage":"en-US"},{"@type":"WebPage","@id":"https:\/\/rapliq.org\/communique-de-presse-walmart-est-il-le-seul-coupable\/","url":"https:\/\/rapliq.org\/communique-de-presse-walmart-est-il-le-seul-coupable\/","name":"Press release - Is Walmart the only culprit? &#8211; RAPLIQ","isPartOf":{"@id":"https:\/\/rapliq.org\/#website"},"datePublished":"2018-04-03T10:56:49+00:00","dateModified":"2020-04-13T13:51:25+00:00","breadcrumb":{"@id":"https:\/\/rapliq.org\/communique-de-presse-walmart-est-il-le-seul-coupable\/#breadcrumb"},"inLanguage":"en-US","potentialAction":[{"@type":"ReadAction","target":["https:\/\/rapliq.org\/communique-de-presse-walmart-est-il-le-seul-coupable\/"]}]},{"@type":"BreadcrumbList","@id":"https:\/\/rapliq.org\/communique-de-presse-walmart-est-il-le-seul-coupable\/#breadcrumb","itemListElement":[{"@type":"ListItem","position":1,"name":"Accueil","item":"https:\/\/rapliq.org\/en\/"},{"@type":"ListItem","position":2,"name":"Press release &#8211; Is Walmart the only culprit?"}]},{"@type":"WebSite","@id":"https:\/\/rapliq.org\/#website","url":"https:\/\/rapliq.org\/","name":"RAPLIQ","description":"D\u00e9fense et revendication des droits des personnes en situation de handicap","publisher":{"@id":"https:\/\/rapliq.org\/#organization"},"potentialAction":[{"@type":"SearchAction","target":{"@type":"EntryPoint","urlTemplate":"https:\/\/rapliq.org\/?s={search_term_string}"},"query-input":{"@type":"PropertyValueSpecification","valueRequired":true,"valueName":"search_term_string"}}],"inLanguage":"en-US"},{"@type":"Organization","@id":"https:\/\/rapliq.org\/#organization","name":"Regroupement des activistes pour l\u2019inclusion au Qu\u00e9bec (RAPLIQ)","url":"https:\/\/rapliq.org\/","logo":{"@type":"ImageObject","inLanguage":"en-US","@id":"https:\/\/rapliq.org\/#\/schema\/logo\/image\/","url":"https:\/\/rapliq.org\/wp-content\/uploads\/2020\/05\/logo.png","contentUrl":"https:\/\/rapliq.org\/wp-content\/uploads\/2020\/05\/logo.png","width":450,"height":131,"caption":"Regroupement des activistes pour l\u2019inclusion au Qu\u00e9bec (RAPLIQ)"},"image":{"@id":"https:\/\/rapliq.org\/#\/schema\/logo\/image\/"},"sameAs":["https:\/\/www.facebook.com\/LeRAPLIQ\/","https:\/\/x.com\/rapliq_"]},{"@type":"Person","@id":"https:\/\/rapliq.org\/#\/schema\/person\/b4989ccd88862605bf23d9ac3db591a9","name":"ekloweb","image":{"@type":"ImageObject","inLanguage":"en-US","@id":"https:\/\/rapliq.org\/#\/schema\/person\/image\/","url":"https:\/\/secure.gravatar.com\/avatar\/d5b5e24a4f9da273727cf9ab5996f7db?s=96&d=mm&r=g","contentUrl":"https:\/\/secure.gravatar.com\/avatar\/d5b5e24a4f9da273727cf9ab5996f7db?s=96&d=mm&r=g","caption":"ekloweb"}}]}},"_links":{"self":[{"href":"https:\/\/rapliq.org\/en\/wp-json\/wp\/v2\/posts\/15672","targetHints":{"allow":["GET"]}}],"collection":[{"href":"https:\/\/rapliq.org\/en\/wp-json\/wp\/v2\/posts"}],"about":[{"href":"https:\/\/rapliq.org\/en\/wp-json\/wp\/v2\/types\/post"}],"author":[{"embeddable":true,"href":"https:\/\/rapliq.org\/en\/wp-json\/wp\/v2\/users\/1"}],"replies":[{"embeddable":true,"href":"https:\/\/rapliq.org\/en\/wp-json\/wp\/v2\/comments?post=15672"}],"version-history":[{"count":2,"href":"https:\/\/rapliq.org\/en\/wp-json\/wp\/v2\/posts\/15672\/revisions"}],"predecessor-version":[{"id":15675,"href":"https:\/\/rapliq.org\/en\/wp-json\/wp\/v2\/posts\/15672\/revisions\/15675"}],"wp:attachment":[{"href":"https:\/\/rapliq.org\/en\/wp-json\/wp\/v2\/media?parent=15672"}],"wp:term":[{"taxonomy":"category","embeddable":true,"href":"https:\/\/rapliq.org\/en\/wp-json\/wp\/v2\/categories?post=15672"},{"taxonomy":"post_tag","embeddable":true,"href":"https:\/\/rapliq.org\/en\/wp-json\/wp\/v2\/tags?post=15672"}],"curies":[{"name":"wp","href":"https:\/\/api.w.org\/{rel}","templated":true}]}}