{"id":15666,"date":"2018-07-10T15:30:31","date_gmt":"2018-07-10T19:30:31","guid":{"rendered":"https:\/\/rapliq.org\/le-rapliq-salue-la-nomination-de-l-architecte-pierre-richard\/"},"modified":"2020-05-04T16:17:31","modified_gmt":"2020-05-04T20:17:31","slug":"rapliq-welcomes-the-appointment-of-the-architect-pierre-richard-to-the-c-a-of-the-rbq","status":"publish","type":"post","link":"https:\/\/rapliq.org\/en\/rapliq-welcomes-the-appointment-of-the-architect-pierre-richard-to-the-c-a-of-the-rbq\/","title":{"rendered":"RAPLIQ welcomes the appointment of the architect Pierre Richard to the C.A. of the RBQ"},"content":{"rendered":"<h2 style=\"text-align: center;\" align=\"center\">Statement<\/h2>\n<p>The RAPLIQ, sitting on the steering committee of RAECAQ and an organization in search of the most complete universal accessibility, welcomes the appointment of Mr. Pierre Richard, p.d.g. from the firm Archiconcept.<\/p>\n<blockquote><p>We are very happy to hear this news, because Mr. Richard is a man of great value, very professional and innovative. He sometimes followed closely, sometimes from afar, the RAPLIQ during its &#8220;Accessibility Days&#8221; events encouraging our boldness and our convictions.<\/p><\/blockquote>\n<p>remembers Linda Gauthier, Executive Director.<\/p>\n<blockquote><p>When we won the accessibility of the caf\u00e9-terraces of the Plateau Mont-Royal, Pierre Richard was the architect of several terrassiers du Plateau, being even more aware of this very contemporary situation that is universal accessibility.<\/p><\/blockquote>\n<p>remembers smiling Mrs. Gauthier.<\/p>\n<p>The presence of Pierre Richard on the Board of Directors of the R\u00e9gie du B\u00e2timent du Qu\u00e9bec will certainly make a difference. Maybe he will be able to drop the famous exemptions from the Quebec Construction Code?<\/p>\n<p>Once again, Pierre, our congratulations!<\/p>\n<p>RAPLIQ welcomes the appointment of the architect Pierre Richard to the RBQ\u2019s board of directors.<\/p>\n","protected":false},"excerpt":{"rendered":"<p>Statement The RAPLIQ, sitting on the steering committee of RAECAQ and an organization in search of the most complete universal accessibility, welcomes the appointment of Mr. Pierre Richard, p.d.g. from the firm Archiconcept. We are very happy to hear this...<br \/><a href=\"https:\/\/rapliq.org\/en\/rapliq-welcomes-the-appointment-of-the-architect-pierre-richard-to-the-c-a-of-the-rbq\/\" class=\"read-more\">Read more <span class=\"sr-only\">about RAPLIQ welcomes the appointment of the architect Pierre Richard to the C.A. of the RBQ<\/span><\/a><\/p>","protected":false},"author":1,"featured_media":0,"comment_status":"closed","ping_status":"closed","sticky":false,"template":"","format":"image","meta":{"footnotes":""},"categories":[73,75],"tags":[],"class_list":["post-15666","post","type-post","status-publish","format-image","hentry","category-news","category-press-releases","post_format-post-format-image"],"yoast_head":"<!-- This site is optimized with the Yoast SEO plugin v24.4 - https:\/\/yoast.com\/wordpress\/plugins\/seo\/ -->\n<title>RAPLIQ welcomes the appointment of the architect Pierre Richard to the C.A. of the RBQ &#8211; RAPLIQ<\/title>\n<meta name=\"robots\" content=\"index, follow, max-snippet:-1, max-image-preview:large, max-video-preview:-1\" \/>\n<link rel=\"canonical\" href=\"https:\/\/rapliq.org\/le-rapliq-salue-la-nomination-de-l-architecte-pierre-richard\/\" \/>\n<meta property=\"og:locale\" content=\"en_US\" \/>\n<meta property=\"og:type\" content=\"article\" \/>\n<meta property=\"og:title\" content=\"RAPLIQ welcomes the appointment of the architect Pierre Richard to the C.A. of the RBQ &#8211; RAPLIQ\" \/>\n<meta property=\"og:description\" content=\"Statement The RAPLIQ, sitting on the steering committee of RAECAQ and an organization in search of the most complete universal accessibility, welcomes the appointment of Mr. Pierre Richard, p.d.g. from the firm Archiconcept. We are very happy to hear this\" \/>\n<meta property=\"og:url\" content=\"https:\/\/rapliq.org\/le-rapliq-salue-la-nomination-de-l-architecte-pierre-richard\/\" \/>\n<meta property=\"og:site_name\" content=\"RAPLIQ\" \/>\n<meta property=\"article:publisher\" content=\"https:\/\/www.facebook.com\/LeRAPLIQ\/\" \/>\n<meta property=\"article:published_time\" content=\"2018-07-10T19:30:31+00:00\" \/>\n<meta property=\"article:modified_time\" content=\"2020-05-04T20:17:31+00:00\" \/>\n<meta name=\"author\" content=\"ekloweb\" \/>\n<meta name=\"twitter:card\" content=\"summary_large_image\" \/>\n<meta name=\"twitter:creator\" content=\"@rapliq_\" \/>\n<meta name=\"twitter:site\" content=\"@rapliq_\" \/>\n<meta name=\"twitter:label1\" content=\"Written by\" \/>\n\t<meta name=\"twitter:data1\" content=\"ekloweb\" \/>\n\t<meta name=\"twitter:label2\" content=\"Est. reading time\" \/>\n\t<meta name=\"twitter:data2\" content=\"1 minute\" \/>\n<script type=\"application\/ld+json\" class=\"yoast-schema-graph\">{\"@context\":\"https:\/\/schema.org\",\"@graph\":[{\"@type\":\"Article\",\"@id\":\"https:\/\/rapliq.org\/le-rapliq-salue-la-nomination-de-l-architecte-pierre-richard\/#article\",\"isPartOf\":{\"@id\":\"https:\/\/rapliq.org\/le-rapliq-salue-la-nomination-de-l-architecte-pierre-richard\/\"},\"author\":{\"name\":\"ekloweb\",\"@id\":\"https:\/\/rapliq.org\/#\/schema\/person\/b4989ccd88862605bf23d9ac3db591a9\"},\"headline\":\"RAPLIQ welcomes the appointment of the architect Pierre Richard to the C.A. of the RBQ\",\"datePublished\":\"2018-07-10T19:30:31+00:00\",\"dateModified\":\"2020-05-04T20:17:31+00:00\",\"mainEntityOfPage\":{\"@id\":\"https:\/\/rapliq.org\/le-rapliq-salue-la-nomination-de-l-architecte-pierre-richard\/\"},\"wordCount\":198,\"publisher\":{\"@id\":\"https:\/\/rapliq.org\/#organization\"},\"articleSection\":[\"News\",\"Press Releases\"],\"inLanguage\":\"en-US\"},{\"@type\":\"WebPage\",\"@id\":\"https:\/\/rapliq.org\/le-rapliq-salue-la-nomination-de-l-architecte-pierre-richard\/\",\"url\":\"https:\/\/rapliq.org\/le-rapliq-salue-la-nomination-de-l-architecte-pierre-richard\/\",\"name\":\"RAPLIQ welcomes the appointment of the architect Pierre Richard to the C.A. of the RBQ &#8211; RAPLIQ\",\"isPartOf\":{\"@id\":\"https:\/\/rapliq.org\/#website\"},\"datePublished\":\"2018-07-10T19:30:31+00:00\",\"dateModified\":\"2020-05-04T20:17:31+00:00\",\"breadcrumb\":{\"@id\":\"https:\/\/rapliq.org\/le-rapliq-salue-la-nomination-de-l-architecte-pierre-richard\/#breadcrumb\"},\"inLanguage\":\"en-US\",\"potentialAction\":[{\"@type\":\"ReadAction\",\"target\":[\"https:\/\/rapliq.org\/le-rapliq-salue-la-nomination-de-l-architecte-pierre-richard\/\"]}]},{\"@type\":\"BreadcrumbList\",\"@id\":\"https:\/\/rapliq.org\/le-rapliq-salue-la-nomination-de-l-architecte-pierre-richard\/#breadcrumb\",\"itemListElement\":[{\"@type\":\"ListItem\",\"position\":1,\"name\":\"Accueil\",\"item\":\"https:\/\/rapliq.org\/en\/\"},{\"@type\":\"ListItem\",\"position\":2,\"name\":\"RAPLIQ welcomes the appointment of the architect Pierre Richard to the C.A. of the RBQ\"}]},{\"@type\":\"WebSite\",\"@id\":\"https:\/\/rapliq.org\/#website\",\"url\":\"https:\/\/rapliq.org\/\",\"name\":\"RAPLIQ\",\"description\":\"D\u00e9fense et revendication des droits des personnes en situation de handicap\",\"publisher\":{\"@id\":\"https:\/\/rapliq.org\/#organization\"},\"potentialAction\":[{\"@type\":\"SearchAction\",\"target\":{\"@type\":\"EntryPoint\",\"urlTemplate\":\"https:\/\/rapliq.org\/?s={search_term_string}\"},\"query-input\":{\"@type\":\"PropertyValueSpecification\",\"valueRequired\":true,\"valueName\":\"search_term_string\"}}],\"inLanguage\":\"en-US\"},{\"@type\":\"Organization\",\"@id\":\"https:\/\/rapliq.org\/#organization\",\"name\":\"Regroupement des activistes pour l\u2019inclusion au Qu\u00e9bec (RAPLIQ)\",\"url\":\"https:\/\/rapliq.org\/\",\"logo\":{\"@type\":\"ImageObject\",\"inLanguage\":\"en-US\",\"@id\":\"https:\/\/rapliq.org\/#\/schema\/logo\/image\/\",\"url\":\"https:\/\/rapliq.org\/wp-content\/uploads\/2020\/05\/logo.png\",\"contentUrl\":\"https:\/\/rapliq.org\/wp-content\/uploads\/2020\/05\/logo.png\",\"width\":450,\"height\":131,\"caption\":\"Regroupement des activistes pour l\u2019inclusion au Qu\u00e9bec (RAPLIQ)\"},\"image\":{\"@id\":\"https:\/\/rapliq.org\/#\/schema\/logo\/image\/\"},\"sameAs\":[\"https:\/\/www.facebook.com\/LeRAPLIQ\/\",\"https:\/\/x.com\/rapliq_\"]},{\"@type\":\"Person\",\"@id\":\"https:\/\/rapliq.org\/#\/schema\/person\/b4989ccd88862605bf23d9ac3db591a9\",\"name\":\"ekloweb\",\"image\":{\"@type\":\"ImageObject\",\"inLanguage\":\"en-US\",\"@id\":\"https:\/\/rapliq.org\/#\/schema\/person\/image\/\",\"url\":\"https:\/\/secure.gravatar.com\/avatar\/d5b5e24a4f9da273727cf9ab5996f7db?s=96&d=mm&r=g\",\"contentUrl\":\"https:\/\/secure.gravatar.com\/avatar\/d5b5e24a4f9da273727cf9ab5996f7db?s=96&d=mm&r=g\",\"caption\":\"ekloweb\"}}]}<\/script>\n<!-- \/ Yoast SEO plugin. -->","yoast_head_json":{"title":"RAPLIQ welcomes the appointment of the architect Pierre Richard to the C.A. of the RBQ &#8211; RAPLIQ","robots":{"index":"index","follow":"follow","max-snippet":"max-snippet:-1","max-image-preview":"max-image-preview:large","max-video-preview":"max-video-preview:-1"},"canonical":"https:\/\/rapliq.org\/le-rapliq-salue-la-nomination-de-l-architecte-pierre-richard\/","og_locale":"en_US","og_type":"article","og_title":"RAPLIQ welcomes the appointment of the architect Pierre Richard to the C.A. of the RBQ &#8211; RAPLIQ","og_description":"Statement The RAPLIQ, sitting on the steering committee of RAECAQ and an organization in search of the most complete universal accessibility, welcomes the appointment of Mr. Pierre Richard, p.d.g. from the firm Archiconcept. We are very happy to hear this","og_url":"https:\/\/rapliq.org\/le-rapliq-salue-la-nomination-de-l-architecte-pierre-richard\/","og_site_name":"RAPLIQ","article_publisher":"https:\/\/www.facebook.com\/LeRAPLIQ\/","article_published_time":"2018-07-10T19:30:31+00:00","article_modified_time":"2020-05-04T20:17:31+00:00","author":"ekloweb","twitter_card":"summary_large_image","twitter_creator":"@rapliq_","twitter_site":"@rapliq_","twitter_misc":{"Written by":"ekloweb","Est. reading time":"1 minute"},"schema":{"@context":"https:\/\/schema.org","@graph":[{"@type":"Article","@id":"https:\/\/rapliq.org\/le-rapliq-salue-la-nomination-de-l-architecte-pierre-richard\/#article","isPartOf":{"@id":"https:\/\/rapliq.org\/le-rapliq-salue-la-nomination-de-l-architecte-pierre-richard\/"},"author":{"name":"ekloweb","@id":"https:\/\/rapliq.org\/#\/schema\/person\/b4989ccd88862605bf23d9ac3db591a9"},"headline":"RAPLIQ welcomes the appointment of the architect Pierre Richard to the C.A. of the RBQ","datePublished":"2018-07-10T19:30:31+00:00","dateModified":"2020-05-04T20:17:31+00:00","mainEntityOfPage":{"@id":"https:\/\/rapliq.org\/le-rapliq-salue-la-nomination-de-l-architecte-pierre-richard\/"},"wordCount":198,"publisher":{"@id":"https:\/\/rapliq.org\/#organization"},"articleSection":["News","Press Releases"],"inLanguage":"en-US"},{"@type":"WebPage","@id":"https:\/\/rapliq.org\/le-rapliq-salue-la-nomination-de-l-architecte-pierre-richard\/","url":"https:\/\/rapliq.org\/le-rapliq-salue-la-nomination-de-l-architecte-pierre-richard\/","name":"RAPLIQ welcomes the appointment of the architect Pierre Richard to the C.A. of the RBQ &#8211; RAPLIQ","isPartOf":{"@id":"https:\/\/rapliq.org\/#website"},"datePublished":"2018-07-10T19:30:31+00:00","dateModified":"2020-05-04T20:17:31+00:00","breadcrumb":{"@id":"https:\/\/rapliq.org\/le-rapliq-salue-la-nomination-de-l-architecte-pierre-richard\/#breadcrumb"},"inLanguage":"en-US","potentialAction":[{"@type":"ReadAction","target":["https:\/\/rapliq.org\/le-rapliq-salue-la-nomination-de-l-architecte-pierre-richard\/"]}]},{"@type":"BreadcrumbList","@id":"https:\/\/rapliq.org\/le-rapliq-salue-la-nomination-de-l-architecte-pierre-richard\/#breadcrumb","itemListElement":[{"@type":"ListItem","position":1,"name":"Accueil","item":"https:\/\/rapliq.org\/en\/"},{"@type":"ListItem","position":2,"name":"RAPLIQ welcomes the appointment of the architect Pierre Richard to the C.A. of the RBQ"}]},{"@type":"WebSite","@id":"https:\/\/rapliq.org\/#website","url":"https:\/\/rapliq.org\/","name":"RAPLIQ","description":"D\u00e9fense et revendication des droits des personnes en situation de handicap","publisher":{"@id":"https:\/\/rapliq.org\/#organization"},"potentialAction":[{"@type":"SearchAction","target":{"@type":"EntryPoint","urlTemplate":"https:\/\/rapliq.org\/?s={search_term_string}"},"query-input":{"@type":"PropertyValueSpecification","valueRequired":true,"valueName":"search_term_string"}}],"inLanguage":"en-US"},{"@type":"Organization","@id":"https:\/\/rapliq.org\/#organization","name":"Regroupement des activistes pour l\u2019inclusion au Qu\u00e9bec (RAPLIQ)","url":"https:\/\/rapliq.org\/","logo":{"@type":"ImageObject","inLanguage":"en-US","@id":"https:\/\/rapliq.org\/#\/schema\/logo\/image\/","url":"https:\/\/rapliq.org\/wp-content\/uploads\/2020\/05\/logo.png","contentUrl":"https:\/\/rapliq.org\/wp-content\/uploads\/2020\/05\/logo.png","width":450,"height":131,"caption":"Regroupement des activistes pour l\u2019inclusion au Qu\u00e9bec (RAPLIQ)"},"image":{"@id":"https:\/\/rapliq.org\/#\/schema\/logo\/image\/"},"sameAs":["https:\/\/www.facebook.com\/LeRAPLIQ\/","https:\/\/x.com\/rapliq_"]},{"@type":"Person","@id":"https:\/\/rapliq.org\/#\/schema\/person\/b4989ccd88862605bf23d9ac3db591a9","name":"ekloweb","image":{"@type":"ImageObject","inLanguage":"en-US","@id":"https:\/\/rapliq.org\/#\/schema\/person\/image\/","url":"https:\/\/secure.gravatar.com\/avatar\/d5b5e24a4f9da273727cf9ab5996f7db?s=96&d=mm&r=g","contentUrl":"https:\/\/secure.gravatar.com\/avatar\/d5b5e24a4f9da273727cf9ab5996f7db?s=96&d=mm&r=g","caption":"ekloweb"}}]}},"_links":{"self":[{"href":"https:\/\/rapliq.org\/en\/wp-json\/wp\/v2\/posts\/15666","targetHints":{"allow":["GET"]}}],"collection":[{"href":"https:\/\/rapliq.org\/en\/wp-json\/wp\/v2\/posts"}],"about":[{"href":"https:\/\/rapliq.org\/en\/wp-json\/wp\/v2\/types\/post"}],"author":[{"embeddable":true,"href":"https:\/\/rapliq.org\/en\/wp-json\/wp\/v2\/users\/1"}],"replies":[{"embeddable":true,"href":"https:\/\/rapliq.org\/en\/wp-json\/wp\/v2\/comments?post=15666"}],"version-history":[{"count":4,"href":"https:\/\/rapliq.org\/en\/wp-json\/wp\/v2\/posts\/15666\/revisions"}],"predecessor-version":[{"id":16393,"href":"https:\/\/rapliq.org\/en\/wp-json\/wp\/v2\/posts\/15666\/revisions\/16393"}],"wp:attachment":[{"href":"https:\/\/rapliq.org\/en\/wp-json\/wp\/v2\/media?parent=15666"}],"wp:term":[{"taxonomy":"category","embeddable":true,"href":"https:\/\/rapliq.org\/en\/wp-json\/wp\/v2\/categories?post=15666"},{"taxonomy":"post_tag","embeddable":true,"href":"https:\/\/rapliq.org\/en\/wp-json\/wp\/v2\/tags?post=15666"}],"curies":[{"name":"wp","href":"https:\/\/api.w.org\/{rel}","templated":true}]}}